{"id":2424,"date":"2026-09-03T17:55:48","date_gmt":"2026-09-03T17:55:48","guid":{"rendered":"https:\/\/deltasas.co\/?p=2424"},"modified":"2026-09-03T20:34:32","modified_gmt":"2026-09-03T20:34:32","slug":"iva-en-terapias-holisticas-tu-servicio-esta-gravado-o-excluido","status":"publish","type":"post","link":"https:\/\/deltasas.co\/index.php\/2026\/09\/03\/iva-en-terapias-holisticas-tu-servicio-esta-gravado-o-excluido\/","title":{"rendered":"IVA en terapias hol\u00edsticas: \u00bftu servicio est\u00e1 gravado o excluido?"},"content":{"rendered":"\n<h2 class=\"wp-block-heading\"><em>No depende del nombre de tu terapia, sino de dos condiciones muy concretas que debes poder demostrar<\/em><\/h2>\n\n\n\n<p class=\"wp-block-paragraph\">Reiki, sanaci\u00f3n energ\u00e9tica, aromaterapia, yoga terap\u00e9utico, acupuntura, meditaci\u00f3n guiada, naturopat\u00eda&#8230; cada vez m\u00e1s terapeutas y centros de bienestar en Colombia ofrecen este tipo de servicios, y una de las dudas m\u00e1s frecuentes es si deben cobrar IVA o no. La respuesta corta es: depende, y no de la etiqueta \u00abterapia hol\u00edstica\u00bb, sino de c\u00f3mo se presta el servicio.<\/p>\n\n\n\n<p class=\"wp-block-paragraph\">Muchos prestadores asumen que, por tratarse de bienestar o salud, el servicio queda autom\u00e1ticamente excluido del impuesto. La DIAN no lo ve as\u00ed. La norma no excluye actividades por su nombre, sino que eval\u00faa cada caso seg\u00fan su finalidad y qui\u00e9n lo presta \u2014 y equivocarse en esa evaluaci\u00f3n puede significar una carga tributaria inesperada, con intereses y sanciones incluidos.<\/p>\n\n\n\n<p class=\"wp-block-paragraph\"><strong>1. La regla general: todo servicio paga IVA, salvo excepci\u00f3n expresa<\/strong> En Colombia, cualquier servicio prestado en el territorio nacional causa IVA a la tarifa general del 19%, salvo que una norma lo excluya de manera expresa. Las exclusiones tributarias se interpretan de forma restrictiva, as\u00ed que la pregunta correcta no es \u00ab\u00bfla terapia hol\u00edstica est\u00e1 excluida?\u00bb, sino \u00ab\u00bfeste servicio espec\u00edfico cumple los requisitos de la exclusi\u00f3n de servicios de salud?\u00bb.<\/p>\n\n\n\n<p class=\"wp-block-paragraph\"><strong>2. Los dos requisitos que debe cumplir tu terapia para estar excluida<\/strong> Seg\u00fan el criterio vigente de la DIAN, una terapia solo queda excluida de IVA si cumple, al mismo tiempo, dos condiciones: que tenga como finalidad exclusiva la recuperaci\u00f3n, prevenci\u00f3n o mitigaci\u00f3n de una afectaci\u00f3n f\u00edsica, mental o emocional (no solo bienestar general), y que sea prestada por un profesional de la salud debidamente habilitado y, cuando aplique, inscrito ante la autoridad sanitaria competente. Si falta cualquiera de las dos, el servicio queda gravado.<\/p>\n\n\n\n<h3 class=\"wp-block-heading\">\ud83d\udcac <strong>\u00bfNo est\u00e1s seguro de si tu terapia cumple estos dos requisitos?<\/strong> <a href=\"https:\/\/deltasas.co\/#seccion-contacto\" data-type=\"link\" data-id=\"https:\/\/deltasas.co\/#seccion-contacto\">D\u00e9janos tus datos en Contacto<\/a> y revisamos tu caso espec\u00edfico.<\/h3>\n\n\n\n<figure class=\"wp-block-image size-large\"><img fetchpriority=\"high\" decoding=\"async\" width=\"683\" height=\"1024\" src=\"https:\/\/deltasas.co\/wp-content\/uploads\/2026\/09\/jeremy-bishop-EwKXn5CapA4-unsplash-683x1024.jpg\" alt=\"https:\/\/unsplash.com\/photos\/sun-light-passing-through-green-leafed-tree-EwKXn5CapA4\" class=\"wp-image-2425\" style=\"aspect-ratio:1;object-fit:cover\" srcset=\"https:\/\/deltasas.co\/wp-content\/uploads\/2026\/09\/jeremy-bishop-EwKXn5CapA4-unsplash-683x1024.jpg 683w, https:\/\/deltasas.co\/wp-content\/uploads\/2026\/09\/jeremy-bishop-EwKXn5CapA4-unsplash-200x300.jpg 200w, https:\/\/deltasas.co\/wp-content\/uploads\/2026\/09\/jeremy-bishop-EwKXn5CapA4-unsplash-768x1152.jpg 768w, https:\/\/deltasas.co\/wp-content\/uploads\/2026\/09\/jeremy-bishop-EwKXn5CapA4-unsplash-1024x1536.jpg 1024w, https:\/\/deltasas.co\/wp-content\/uploads\/2026\/09\/jeremy-bishop-EwKXn5CapA4-unsplash-1365x2048.jpg 1365w, https:\/\/deltasas.co\/wp-content\/uploads\/2026\/09\/jeremy-bishop-EwKXn5CapA4-unsplash-scaled.jpg 1707w\" sizes=\"(max-width: 683px) 100vw, 683px\" \/><\/figure>\n\n\n\n<p class=\"wp-block-paragraph\"><strong>3. Cu\u00e1ndo tu terapia S\u00cd paga IVA<\/strong> Esto ocurre, por ejemplo, cuando el servicio est\u00e1 orientado al bienestar general, la relajaci\u00f3n o el entretenimiento sin un prop\u00f3sito cl\u00ednico identificable; cuando quien lo presta no tiene habilitaci\u00f3n ni certificaci\u00f3n reconocida por una instituci\u00f3n educativa avalada por el Estado; o cuando se trata de talleres, capacitaciones o coaching sobre bienestar, aunque tengan un componente emocional. La venta de productos asociados (aceites, cristales, suplementos) tambi\u00e9n genera IVA de forma independiente.<\/p>\n\n\n\n<p class=\"wp-block-paragraph\"><strong>4. Si eres persona natural: el IVA no siempre aplica desde el primer peso<\/strong> Si tu servicio est\u00e1 gravado, solo debes registrarte como responsable de IVA al superar los topes del Estatuto Tributario \u2014 para 2026, el umbral general es de 3.500 UVT en ingresos, consignaciones o inversiones provenientes de la actividad (4.000 UVT si contratas con entidades estatales). Estar en el R\u00e9gimen Simple de Tributaci\u00f3n no te exime autom\u00e1ticamente de esta responsabilidad.<\/p>\n\n\n\n<p class=\"wp-block-paragraph\"><strong>5. Si tienes una empresa: la responsabilidad nace desde el primer servicio gravado<\/strong> A diferencia de las personas naturales, una sociedad (por ejemplo, un centro de bienestar constituido como SAS) es responsable de IVA desde su primera operaci\u00f3n gravada, sin importar el nivel de ingresos. Si prestas servicios mixtos \u2014una parte excluida y otra gravada\u2014, debes facturarlos de forma diferenciada; la exclusi\u00f3n no se extiende autom\u00e1ticamente a toda tu oferta.<\/p>\n\n\n\n<p class=\"wp-block-paragraph\"><strong>\u00bfC\u00f3mo te ayuda Delta con esto?<\/strong> Analizamos tu portafolio de servicios para definir cu\u00e1les est\u00e1n gravados y cu\u00e1les pueden sostener la exclusi\u00f3n, te ayudamos a documentar esa posici\u00f3n ante un eventual requerimiento de la DIAN y gestionamos tu contabilidad y cumplimiento tributario a trav\u00e9s de nuestro <a href=\"https:\/\/deltasas.co\/index.php\/outsourcing-contable\/\">outsourcing contable<\/a>. Si adem\u00e1s est\u00e1s definiendo o ajustando la figura legal de tu centro de bienestar, nuestra <a href=\"https:\/\/deltasas.co\/index.php\/asesoria-juridica-empresarial\/\">asesor\u00eda jur\u00eddica empresarial<\/a> te acompa\u00f1a en esa decisi\u00f3n.<\/p>\n\n\n\n<h3 class=\"wp-block-heading\"><strong>\u00bfQuieres saber si tu terapia hol\u00edstica deber\u00eda estar cobrando IVA?<\/strong> Ve a la secci\u00f3n de <strong><a href=\"https:\/\/deltasas.co\/#seccion-contacto\" data-type=\"link\" data-id=\"https:\/\/deltasas.co\/#seccion-contacto\">Contacto<\/a><\/strong>, d\u00e9janos tus datos y lo revisamos juntos.<\/h3>\n\n\n\n<p class=\"wp-block-paragraph\"><\/p>\n","protected":false},"excerpt":{"rendered":"<p>Deber\u00edas estar cobrando  IVA por tu servicio y no lo sabes. Continuar leyendo&#8230; <\/p>\n","protected":false},"author":3,"featured_media":2426,"comment_status":"open","ping_status":"open","sticky":false,"template":"","format":"standard","meta":{"_acf_changed":false,"_thinkrank_schema_form_data":"","_thinkrank_selected_schema_type":"","_thinkrank_additional_schemas":"","_thinkrank_canonical_url":"","_thinkrank_og_title":"","_thinkrank_og_description":"","_thinkrank_og_image":"","_thinkrank_twitter_title":"","_thinkrank_twitter_description":"","_thinkrank_twitter_image":"","_thinkrank_imported_from":"","_thinkrank_focus_keywords":[],"_thinkrank_focus_keyword":"","_thinkrank_robots_meta_enabled":0,"_thinkrank_robots_meta":"[]","_thinkrank_advanced_robots_meta":"[]","_thinkrank_primary_category":0,"footnotes":""},"categories":[12],"tags":[13,15],"class_list":["post-2424","post","type-post","status-publish","format-standard","has-post-thumbnail","hentry","category-blog","tag-contabilidad-para-emprendedores","tag-impuestos-y-obligaciones-tributarias"],"acf":[],"_links":{"self":[{"href":"https:\/\/deltasas.co\/index.php\/wp-json\/wp\/v2\/posts\/2424","targetHints":{"allow":["GET"]}}],"collection":[{"href":"https:\/\/deltasas.co\/index.php\/wp-json\/wp\/v2\/posts"}],"about":[{"href":"https:\/\/deltasas.co\/index.php\/wp-json\/wp\/v2\/types\/post"}],"author":[{"embeddable":true,"href":"https:\/\/deltasas.co\/index.php\/wp-json\/wp\/v2\/users\/3"}],"replies":[{"embeddable":true,"href":"https:\/\/deltasas.co\/index.php\/wp-json\/wp\/v2\/comments?post=2424"}],"version-history":[{"count":3,"href":"https:\/\/deltasas.co\/index.php\/wp-json\/wp\/v2\/posts\/2424\/revisions"}],"predecessor-version":[{"id":2429,"href":"https:\/\/deltasas.co\/index.php\/wp-json\/wp\/v2\/posts\/2424\/revisions\/2429"}],"wp:featuredmedia":[{"embeddable":true,"href":"https:\/\/deltasas.co\/index.php\/wp-json\/wp\/v2\/media\/2426"}],"wp:attachment":[{"href":"https:\/\/deltasas.co\/index.php\/wp-json\/wp\/v2\/media?parent=2424"}],"wp:term":[{"taxonomy":"category","embeddable":true,"href":"https:\/\/deltasas.co\/index.php\/wp-json\/wp\/v2\/categories?post=2424"},{"taxonomy":"post_tag","embeddable":true,"href":"https:\/\/deltasas.co\/index.php\/wp-json\/wp\/v2\/tags?post=2424"}],"curies":[{"name":"wp","href":"https:\/\/api.w.org\/{rel}","templated":true}]}}